{"id":3702,"date":"2026-07-23T13:21:03","date_gmt":"2026-07-23T13:21:03","guid":{"rendered":"https:\/\/liacom.escs.ipl.pt\/?p=3702"},"modified":"2026-09-01T16:47:05","modified_gmt":"2026-09-01T16:47:05","slug":"compromisso-e-partilha-um-dia-para-construir-o-futuro-do-liacom-e-da-catedra-da-escs","status":"publish","type":"post","link":"https:\/\/liacom.escs.ipl.pt\/en\/eventos\/compromisso-e-partilha-um-dia-para-construir-o-futuro-do-liacom-e-da-catedra-da-escs\/","title":{"rendered":"\u201cCommitment\u201d and \u201csharing\u201d: A day to build the future of LIACOM and the ESCS Chair"},"content":{"rendered":"\n<p class=\"wp-block-paragraph\">Sob o mote \u201cViagem coletiva em tr\u00eas atos \u2013 Identidade, Liga\u00e7\u00e3o e A\u00e7\u00e3o\u201d, cerca de 40 docentes e investigadores da ESCS juntaram-se, no passado dia 14 de julho, na Universidade Atl\u00e2ntica \u2013 F\u00e1brica da P\u00f3lvora, em Oeiras, para o II Encontro de Investigador@s do <strong>LIACOM <\/strong>e II Resid\u00eancia da&nbsp;<a href=\"https:\/\/catedraunesco.escs.ipl.pt\/pt\/\" target=\"_blank\" rel=\"noreferrer noopener\">C\u00e1tedra UNESCO Comunica\u00e7\u00e3o, Literacia Medi\u00e1tica e Cidadania<\/a> da ESCS. O encontro contou com a presen\u00e7a do presidente do IPL, Ant\u00f3nio Belo.<\/p>\n\n\n\n<p class=\"wp-block-paragraph\">O programa foi pensado para fortalecer a proximidade entre colegas, dar a conhecer o trabalho que tem vindo a ser desenvolvido e promover oportunidades para a cria\u00e7\u00e3o de novos projetos em colabora\u00e7\u00e3o.<\/p>\n\n\n\n<p class=\"wp-block-paragraph\"><strong>Ato I: Identidade \u2013 Quem somos?<\/strong><\/p>\n\n\n\n<p class=\"wp-block-paragraph\">A manh\u00e3 come\u00e7ou com a apresenta\u00e7\u00e3o dos resultados do LIACOM (Laborat\u00f3rio de Investiga\u00e7\u00e3o Aplicada em Comunica\u00e7\u00e3o e M\u00e9dia) e das suas estruturas: <a href=\"https:\/\/museudapaisagem.pt\/\" target=\"_blank\" rel=\"noreferrer noopener\">Museu da Paisagem<\/a>, <a href=\"https:\/\/amopc.org\/\" target=\"_blank\" rel=\"noreferrer noopener\">Arquivo de Mem\u00f3ria Oral das Profiss\u00f5es da Comunica\u00e7\u00e3o<\/a>, Laborat\u00f3rio de Tend\u00eancias no Jornalismo, Observat\u00f3rio de Campanhas de Comunica\u00e7\u00e3o P\u00fablica, Observat\u00f3rio de Publicidade, Marcas e Consumo e <a href=\"https:\/\/catedraunesco.escs.ipl.pt\/pt\/\" target=\"_blank\" rel=\"noreferrer noopener\">C\u00e1tedra UNESCO Comunica\u00e7\u00e3o, Literacia Medi\u00e1tica e Cidadania<\/a>.<\/p>\n\n\n\n<p class=\"wp-block-paragraph\">Ao longo desta sess\u00e3o, os investigadores fizeram um balan\u00e7o do trabalho desenvolvido no \u00faltimo ano letivo, partilhando projetos de investiga\u00e7\u00e3o, candidaturas a financiamentos, parcerias estabelecidas e iniciativas em curso. O momento serviu ainda para dar a conhecer novas oportunidades de investiga\u00e7\u00e3o que ser\u00e3o lan\u00e7adas em breve, abrindo caminho a futuras colabora\u00e7\u00f5es.<\/p>\n\n\n\n<p class=\"wp-block-paragraph\">A sess\u00e3o permitiu tornar mais vis\u00edvel o trabalho desenvolvido pelas diferentes equipas e identificar pontos de contacto entre \u00e1reas de investiga\u00e7\u00e3o que nem sempre se cruzam no quotidiano.&nbsp;<\/p>\n\n\n\n<p class=\"wp-block-paragraph\">A pausa para caf\u00e9 prolongou esse esp\u00edrito de partilha num ambiente informal, em torno de uma mesa enriquecida com comidas e bebidas trazidas pelos pr\u00f3prios participantes.<\/p>\n\n\n\n<figure class=\"wp-block-image size-full\"><img loading=\"lazy\" decoding=\"async\" width=\"534\" height=\"356\" src=\"https:\/\/liacom.escs.ipl.pt\/wp-content\/uploads\/2026\/07\/image.jpeg\" alt=\"\" class=\"wp-image-3703\" srcset=\"https:\/\/liacom.escs.ipl.pt\/wp-content\/uploads\/2026\/07\/image.jpeg 534w, https:\/\/liacom.escs.ipl.pt\/wp-content\/uploads\/2026\/07\/image-300x200.jpeg 300w\" sizes=\"auto, (max-width: 534px) 100vw, 534px\" \/><\/figure>\n\n\n\n<figure class=\"wp-block-image size-full\"><img loading=\"lazy\" decoding=\"async\" width=\"539\" height=\"359\" src=\"https:\/\/liacom.escs.ipl.pt\/wp-content\/uploads\/2026\/07\/image-1.jpeg\" alt=\"\" class=\"wp-image-3704\" srcset=\"https:\/\/liacom.escs.ipl.pt\/wp-content\/uploads\/2026\/07\/image-1.jpeg 539w, https:\/\/liacom.escs.ipl.pt\/wp-content\/uploads\/2026\/07\/image-1-300x200.jpeg 300w\" sizes=\"auto, (max-width: 539px) 100vw, 539px\" \/><\/figure>\n\n\n\n<figure class=\"wp-block-image size-full\"><img loading=\"lazy\" decoding=\"async\" width=\"536\" height=\"357\" src=\"https:\/\/liacom.escs.ipl.pt\/wp-content\/uploads\/2026\/07\/image-3.jpeg\" alt=\"\" class=\"wp-image-3706\" srcset=\"https:\/\/liacom.escs.ipl.pt\/wp-content\/uploads\/2026\/07\/image-3.jpeg 536w, https:\/\/liacom.escs.ipl.pt\/wp-content\/uploads\/2026\/07\/image-3-300x200.jpeg 300w\" sizes=\"auto, (max-width: 536px) 100vw, 536px\" \/><\/figure>\n\n\n\n<figure class=\"wp-block-image size-full\"><img loading=\"lazy\" decoding=\"async\" width=\"536\" height=\"357\" src=\"https:\/\/liacom.escs.ipl.pt\/wp-content\/uploads\/2026\/07\/image-7.jpeg\" alt=\"\" class=\"wp-image-3710\" srcset=\"https:\/\/liacom.escs.ipl.pt\/wp-content\/uploads\/2026\/07\/image-7.jpeg 536w, https:\/\/liacom.escs.ipl.pt\/wp-content\/uploads\/2026\/07\/image-7-300x200.jpeg 300w\" sizes=\"auto, (max-width: 536px) 100vw, 536px\" \/><\/figure>\n\n\n\n<figure class=\"wp-block-image size-full\"><img loading=\"lazy\" decoding=\"async\" width=\"540\" height=\"360\" src=\"https:\/\/liacom.escs.ipl.pt\/wp-content\/uploads\/2026\/07\/image-4.jpeg\" alt=\"\" class=\"wp-image-3707\" srcset=\"https:\/\/liacom.escs.ipl.pt\/wp-content\/uploads\/2026\/07\/image-4.jpeg 540w, https:\/\/liacom.escs.ipl.pt\/wp-content\/uploads\/2026\/07\/image-4-300x200.jpeg 300w\" sizes=\"auto, (max-width: 540px) 100vw, 540px\" \/><\/figure>\n\n\n\n<figure class=\"wp-block-image size-full\"><img loading=\"lazy\" decoding=\"async\" width=\"530\" height=\"353\" src=\"https:\/\/liacom.escs.ipl.pt\/wp-content\/uploads\/2026\/07\/image-9.jpeg\" alt=\"\" class=\"wp-image-3712\" srcset=\"https:\/\/liacom.escs.ipl.pt\/wp-content\/uploads\/2026\/07\/image-9.jpeg 530w, https:\/\/liacom.escs.ipl.pt\/wp-content\/uploads\/2026\/07\/image-9-300x200.jpeg 300w\" sizes=\"auto, (max-width: 530px) 100vw, 530px\" \/><\/figure>\n\n\n\n<figure class=\"wp-block-image size-full\"><img loading=\"lazy\" decoding=\"async\" width=\"546\" height=\"364\" src=\"https:\/\/liacom.escs.ipl.pt\/wp-content\/uploads\/2026\/07\/image-2.jpeg\" alt=\"\" class=\"wp-image-3705\" srcset=\"https:\/\/liacom.escs.ipl.pt\/wp-content\/uploads\/2026\/07\/image-2.jpeg 546w, https:\/\/liacom.escs.ipl.pt\/wp-content\/uploads\/2026\/07\/image-2-300x200.jpeg 300w\" sizes=\"auto, (max-width: 546px) 100vw, 546px\" \/><\/figure>\n\n\n\n<figure class=\"wp-block-image size-full\"><img loading=\"lazy\" decoding=\"async\" width=\"561\" height=\"374\" src=\"https:\/\/liacom.escs.ipl.pt\/wp-content\/uploads\/2026\/07\/image-5.jpeg\" alt=\"\" class=\"wp-image-3708\" srcset=\"https:\/\/liacom.escs.ipl.pt\/wp-content\/uploads\/2026\/07\/image-5.jpeg 561w, https:\/\/liacom.escs.ipl.pt\/wp-content\/uploads\/2026\/07\/image-5-300x200.jpeg 300w\" sizes=\"auto, (max-width: 561px) 100vw, 561px\" \/><\/figure>\n\n\n\n<figure class=\"wp-block-image size-full\"><img loading=\"lazy\" decoding=\"async\" width=\"551\" height=\"367\" src=\"https:\/\/liacom.escs.ipl.pt\/wp-content\/uploads\/2026\/07\/image-12.jpeg\" alt=\"\" class=\"wp-image-3715\" srcset=\"https:\/\/liacom.escs.ipl.pt\/wp-content\/uploads\/2026\/07\/image-12.jpeg 551w, https:\/\/liacom.escs.ipl.pt\/wp-content\/uploads\/2026\/07\/image-12-300x200.jpeg 300w\" sizes=\"auto, (max-width: 551px) 100vw, 551px\" \/><\/figure>\n\n\n\n<figure class=\"wp-block-image size-full\"><img loading=\"lazy\" decoding=\"async\" width=\"546\" height=\"364\" src=\"https:\/\/liacom.escs.ipl.pt\/wp-content\/uploads\/2026\/07\/image-6.jpeg\" alt=\"\" class=\"wp-image-3709\" srcset=\"https:\/\/liacom.escs.ipl.pt\/wp-content\/uploads\/2026\/07\/image-6.jpeg 546w, https:\/\/liacom.escs.ipl.pt\/wp-content\/uploads\/2026\/07\/image-6-300x200.jpeg 300w\" sizes=\"auto, (max-width: 546px) 100vw, 546px\" \/><\/figure>\n\n\n\n<figure class=\"wp-block-image size-full\"><img loading=\"lazy\" decoding=\"async\" width=\"587\" height=\"392\" src=\"https:\/\/liacom.escs.ipl.pt\/wp-content\/uploads\/2026\/07\/image-8.jpeg\" alt=\"\" class=\"wp-image-3711\" srcset=\"https:\/\/liacom.escs.ipl.pt\/wp-content\/uploads\/2026\/07\/image-8.jpeg 587w, https:\/\/liacom.escs.ipl.pt\/wp-content\/uploads\/2026\/07\/image-8-300x200.jpeg 300w\" sizes=\"auto, (max-width: 587px) 100vw, 587px\" \/><\/figure>\n\n\n\n<figure class=\"wp-block-image size-full\"><img loading=\"lazy\" decoding=\"async\" width=\"601\" height=\"401\" src=\"https:\/\/liacom.escs.ipl.pt\/wp-content\/uploads\/2026\/07\/image-10.jpeg\" alt=\"\" class=\"wp-image-3713\" srcset=\"https:\/\/liacom.escs.ipl.pt\/wp-content\/uploads\/2026\/07\/image-10.jpeg 601w, https:\/\/liacom.escs.ipl.pt\/wp-content\/uploads\/2026\/07\/image-10-300x200.jpeg 300w\" sizes=\"auto, (max-width: 601px) 100vw, 601px\" \/><\/figure>\n\n\n\n<figure class=\"wp-block-image size-full\"><img loading=\"lazy\" decoding=\"async\" width=\"595\" height=\"397\" src=\"https:\/\/liacom.escs.ipl.pt\/wp-content\/uploads\/2026\/07\/image-11.jpeg\" alt=\"\" class=\"wp-image-3714\" srcset=\"https:\/\/liacom.escs.ipl.pt\/wp-content\/uploads\/2026\/07\/image-11.jpeg 595w, https:\/\/liacom.escs.ipl.pt\/wp-content\/uploads\/2026\/07\/image-11-300x200.jpeg 300w\" sizes=\"auto, (max-width: 595px) 100vw, 595px\" \/><\/figure>\n\n\n\n<p class=\"wp-block-paragraph\"><strong>Ato II: Liga\u00e7\u00e3o \u2013 Como nos aproximamos?<\/strong><\/p>\n\n\n\n<p class=\"wp-block-paragraph\">Da reflex\u00e3o passou-se \u00e0 intera\u00e7\u00e3o. Durante a segunda parte da manh\u00e3, os investigadores foram desafiados a fugir \u00e0s rotinas habituais atrav\u00e9s de din\u00e2micas orientadas para a cria\u00e7\u00e3o de confian\u00e7a, aproxima\u00e7\u00e3o e trabalho em equipa, aspetos particularmente relevantes para a colabora\u00e7\u00e3o em projetos de investiga\u00e7\u00e3o.<\/p>\n\n\n\n<p class=\"wp-block-paragraph\">A sess\u00e3o, dinamizada pelo ator e formador Jo\u00e3o Fartaria, recorreu a exerc\u00edcios de express\u00e3o corporal e vocal, desafiando o grupo a comunicar de formas diferentes e a estabelecer novas liga\u00e7\u00f5es.&nbsp;<\/p>\n\n\n\n<p class=\"wp-block-paragraph\">O almo\u00e7o prolongou naturalmente este ambiente de conv\u00edvio, permitindo que muitas das conversas iniciadas durante a manh\u00e3 continuassem de forma espont\u00e2nea.<\/p>\n\n\n\n<figure class=\"wp-block-image size-full\"><img loading=\"lazy\" decoding=\"async\" width=\"520\" height=\"346\" src=\"https:\/\/liacom.escs.ipl.pt\/wp-content\/uploads\/2026\/07\/image-13.jpeg\" alt=\"\" class=\"wp-image-3716\" srcset=\"https:\/\/liacom.escs.ipl.pt\/wp-content\/uploads\/2026\/07\/image-13.jpeg 520w, https:\/\/liacom.escs.ipl.pt\/wp-content\/uploads\/2026\/07\/image-13-300x200.jpeg 300w\" sizes=\"auto, (max-width: 520px) 100vw, 520px\" \/><\/figure>\n\n\n\n<figure class=\"wp-block-image size-full\"><img loading=\"lazy\" decoding=\"async\" width=\"520\" height=\"346\" src=\"https:\/\/liacom.escs.ipl.pt\/wp-content\/uploads\/2026\/07\/image-14.jpeg\" alt=\"\" class=\"wp-image-3717\" srcset=\"https:\/\/liacom.escs.ipl.pt\/wp-content\/uploads\/2026\/07\/image-14.jpeg 520w, https:\/\/liacom.escs.ipl.pt\/wp-content\/uploads\/2026\/07\/image-14-300x200.jpeg 300w\" sizes=\"auto, (max-width: 520px) 100vw, 520px\" \/><\/figure>\n\n\n\n<figure class=\"wp-block-image size-full\"><img loading=\"lazy\" decoding=\"async\" width=\"520\" height=\"346\" src=\"https:\/\/liacom.escs.ipl.pt\/wp-content\/uploads\/2026\/07\/image-15.jpeg\" alt=\"\" class=\"wp-image-3718\" srcset=\"https:\/\/liacom.escs.ipl.pt\/wp-content\/uploads\/2026\/07\/image-15.jpeg 520w, https:\/\/liacom.escs.ipl.pt\/wp-content\/uploads\/2026\/07\/image-15-300x200.jpeg 300w\" sizes=\"auto, (max-width: 520px) 100vw, 520px\" \/><\/figure>\n\n\n\n<figure class=\"wp-block-image size-full\"><img loading=\"lazy\" decoding=\"async\" width=\"520\" height=\"346\" src=\"https:\/\/liacom.escs.ipl.pt\/wp-content\/uploads\/2026\/07\/image-18.jpeg\" alt=\"\" class=\"wp-image-3722\" srcset=\"https:\/\/liacom.escs.ipl.pt\/wp-content\/uploads\/2026\/07\/image-18.jpeg 520w, https:\/\/liacom.escs.ipl.pt\/wp-content\/uploads\/2026\/07\/image-18-300x200.jpeg 300w\" sizes=\"auto, (max-width: 520px) 100vw, 520px\" \/><\/figure>\n\n\n\n<figure class=\"wp-block-image size-full\"><img loading=\"lazy\" decoding=\"async\" width=\"520\" height=\"346\" src=\"https:\/\/liacom.escs.ipl.pt\/wp-content\/uploads\/2026\/07\/image-16.jpeg\" alt=\"\" class=\"wp-image-3719\" srcset=\"https:\/\/liacom.escs.ipl.pt\/wp-content\/uploads\/2026\/07\/image-16.jpeg 520w, https:\/\/liacom.escs.ipl.pt\/wp-content\/uploads\/2026\/07\/image-16-300x200.jpeg 300w\" sizes=\"auto, (max-width: 520px) 100vw, 520px\" \/><\/figure>\n\n\n\n<p class=\"wp-block-paragraph\"><strong>Ato III: A\u00e7\u00e3o \u2013 O que vamos construir?<\/strong><\/p>\n\n\n\n<p class=\"wp-block-paragraph\">A tarde foi dedicada \u00e0 constru\u00e7\u00e3o do futuro. Distribu\u00eddos por mesas tem\u00e1ticas, os participantes trabalharam na identifica\u00e7\u00e3o de oportunidades de investiga\u00e7\u00e3o e projetos colaborativos.<\/p>\n\n\n\n<p class=\"wp-block-paragraph\">Para estimular o cruzamento entre disciplinas e perspetivas, os investigadores foram desafiados a integrar grupos com colegas com quem trabalham menos frequentemente.&nbsp;<\/p>\n\n\n\n<figure class=\"wp-block-image size-full\"><img loading=\"lazy\" decoding=\"async\" width=\"519\" height=\"346\" src=\"https:\/\/liacom.escs.ipl.pt\/wp-content\/uploads\/2026\/07\/image-17.jpeg\" alt=\"\" class=\"wp-image-3720\" srcset=\"https:\/\/liacom.escs.ipl.pt\/wp-content\/uploads\/2026\/07\/image-17.jpeg 519w, https:\/\/liacom.escs.ipl.pt\/wp-content\/uploads\/2026\/07\/image-17-300x200.jpeg 300w\" sizes=\"auto, (max-width: 519px) 100vw, 519px\" \/><\/figure>\n\n\n\n<figure class=\"wp-block-image size-full\"><img loading=\"lazy\" decoding=\"async\" width=\"520\" height=\"346\" src=\"https:\/\/liacom.escs.ipl.pt\/wp-content\/uploads\/2026\/07\/image-19.jpeg\" alt=\"\" class=\"wp-image-3721\" srcset=\"https:\/\/liacom.escs.ipl.pt\/wp-content\/uploads\/2026\/07\/image-19.jpeg 520w, https:\/\/liacom.escs.ipl.pt\/wp-content\/uploads\/2026\/07\/image-19-300x200.jpeg 300w\" sizes=\"auto, (max-width: 520px) 100vw, 520px\" \/><\/figure>\n\n\n\n<figure class=\"wp-block-image size-full\"><img loading=\"lazy\" decoding=\"async\" width=\"520\" height=\"346\" src=\"https:\/\/liacom.escs.ipl.pt\/wp-content\/uploads\/2026\/07\/image-21.jpeg\" alt=\"\" class=\"wp-image-3725\" srcset=\"https:\/\/liacom.escs.ipl.pt\/wp-content\/uploads\/2026\/07\/image-21.jpeg 520w, https:\/\/liacom.escs.ipl.pt\/wp-content\/uploads\/2026\/07\/image-21-300x200.jpeg 300w\" sizes=\"auto, (max-width: 520px) 100vw, 520px\" \/><\/figure>\n\n\n\n<figure class=\"wp-block-image size-full\"><img loading=\"lazy\" decoding=\"async\" width=\"520\" height=\"346\" src=\"https:\/\/liacom.escs.ipl.pt\/wp-content\/uploads\/2026\/07\/image-20.jpeg\" alt=\"\" class=\"wp-image-3723\" srcset=\"https:\/\/liacom.escs.ipl.pt\/wp-content\/uploads\/2026\/07\/image-20.jpeg 520w, https:\/\/liacom.escs.ipl.pt\/wp-content\/uploads\/2026\/07\/image-20-300x200.jpeg 300w\" sizes=\"auto, (max-width: 520px) 100vw, 520px\" \/><\/figure>\n\n\n\n<figure class=\"wp-block-image size-full\"><img loading=\"lazy\" decoding=\"async\" width=\"520\" height=\"346\" src=\"https:\/\/liacom.escs.ipl.pt\/wp-content\/uploads\/2026\/07\/image-22.jpeg\" alt=\"\" class=\"wp-image-3727\" srcset=\"https:\/\/liacom.escs.ipl.pt\/wp-content\/uploads\/2026\/07\/image-22.jpeg 520w, https:\/\/liacom.escs.ipl.pt\/wp-content\/uploads\/2026\/07\/image-22-300x200.jpeg 300w\" sizes=\"auto, (max-width: 520px) 100vw, 520px\" \/><\/figure>\n\n\n\n<figure class=\"wp-block-image size-full\"><img loading=\"lazy\" decoding=\"async\" width=\"520\" height=\"346\" src=\"https:\/\/liacom.escs.ipl.pt\/wp-content\/uploads\/2026\/07\/image-21.jpeg\" alt=\"\" class=\"wp-image-3724\" srcset=\"https:\/\/liacom.escs.ipl.pt\/wp-content\/uploads\/2026\/07\/image-21.jpeg 520w, https:\/\/liacom.escs.ipl.pt\/wp-content\/uploads\/2026\/07\/image-21-300x200.jpeg 300w\" sizes=\"auto, (max-width: 520px) 100vw, 520px\" \/><\/figure>\n\n\n\n<figure class=\"wp-block-image size-full\"><img loading=\"lazy\" decoding=\"async\" width=\"520\" height=\"346\" src=\"https:\/\/liacom.escs.ipl.pt\/wp-content\/uploads\/2026\/07\/image-23.jpeg\" alt=\"\" class=\"wp-image-3726\" srcset=\"https:\/\/liacom.escs.ipl.pt\/wp-content\/uploads\/2026\/07\/image-23.jpeg 520w, https:\/\/liacom.escs.ipl.pt\/wp-content\/uploads\/2026\/07\/image-23-300x200.jpeg 300w\" sizes=\"auto, (max-width: 520px) 100vw, 520px\" \/><\/figure>\n\n\n\n<figure class=\"wp-block-image size-full\"><img loading=\"lazy\" decoding=\"async\" width=\"520\" height=\"346\" src=\"https:\/\/liacom.escs.ipl.pt\/wp-content\/uploads\/2026\/07\/image-24.jpeg\" alt=\"\" class=\"wp-image-3728\" srcset=\"https:\/\/liacom.escs.ipl.pt\/wp-content\/uploads\/2026\/07\/image-24.jpeg 520w, https:\/\/liacom.escs.ipl.pt\/wp-content\/uploads\/2026\/07\/image-24-300x200.jpeg 300w\" sizes=\"auto, (max-width: 520px) 100vw, 520px\" \/><\/figure>\n\n\n\n<figure class=\"wp-block-image size-full\"><img loading=\"lazy\" decoding=\"async\" width=\"520\" height=\"346\" src=\"https:\/\/liacom.escs.ipl.pt\/wp-content\/uploads\/2026\/07\/image-25.jpeg\" alt=\"\" class=\"wp-image-3729\" srcset=\"https:\/\/liacom.escs.ipl.pt\/wp-content\/uploads\/2026\/07\/image-25.jpeg 520w, https:\/\/liacom.escs.ipl.pt\/wp-content\/uploads\/2026\/07\/image-25-300x200.jpeg 300w\" sizes=\"auto, (max-width: 520px) 100vw, 520px\" \/><\/figure>\n\n\n\n<figure class=\"wp-block-image size-full\"><img loading=\"lazy\" decoding=\"async\" width=\"520\" height=\"346\" src=\"https:\/\/liacom.escs.ipl.pt\/wp-content\/uploads\/2026\/07\/image-25.jpeg\" alt=\"\" class=\"wp-image-3730\" srcset=\"https:\/\/liacom.escs.ipl.pt\/wp-content\/uploads\/2026\/07\/image-25.jpeg 520w, https:\/\/liacom.escs.ipl.pt\/wp-content\/uploads\/2026\/07\/image-25-300x200.jpeg 300w\" sizes=\"auto, (max-width: 520px) 100vw, 520px\" \/><\/figure>\n\n\n\n<figure class=\"wp-block-image size-full\"><img loading=\"lazy\" decoding=\"async\" width=\"520\" height=\"346\" src=\"https:\/\/liacom.escs.ipl.pt\/wp-content\/uploads\/2026\/07\/image-26.jpeg\" alt=\"\" class=\"wp-image-3731\" srcset=\"https:\/\/liacom.escs.ipl.pt\/wp-content\/uploads\/2026\/07\/image-26.jpeg 520w, https:\/\/liacom.escs.ipl.pt\/wp-content\/uploads\/2026\/07\/image-26-300x200.jpeg 300w\" sizes=\"auto, (max-width: 520px) 100vw, 520px\" \/><\/figure>\n\n\n\n<figure class=\"wp-block-image size-full\"><img loading=\"lazy\" decoding=\"async\" width=\"520\" height=\"346\" src=\"https:\/\/liacom.escs.ipl.pt\/wp-content\/uploads\/2026\/07\/image-27.jpeg\" alt=\"\" class=\"wp-image-3732\" srcset=\"https:\/\/liacom.escs.ipl.pt\/wp-content\/uploads\/2026\/07\/image-27.jpeg 520w, https:\/\/liacom.escs.ipl.pt\/wp-content\/uploads\/2026\/07\/image-27-300x200.jpeg 300w\" sizes=\"auto, (max-width: 520px) 100vw, 520px\" \/><\/figure>\n\n\n\n<p class=\"wp-block-paragraph\">A diversidade de experi\u00eancias e \u00e1reas de especializa\u00e7\u00e3o inspirou as discuss\u00f5es, dando origem a v\u00e1rias propostas que ser\u00e3o agora aprofundadas com o apoio do LIACOM e da C\u00e1tedra UNESCO da ESCS.<\/p>\n\n\n\n<p class=\"wp-block-paragraph\">O encontro terminou com a apresenta\u00e7\u00e3o do Roteiro LIACOM 2026-2030, que sintetizou algumas das prioridades estrat\u00e9gicas do centro de investiga\u00e7\u00e3o e da C\u00e1tedra UNESCO para o futuro.<\/p>\n\n\n\n<figure class=\"wp-block-image size-full\"><img loading=\"lazy\" decoding=\"async\" width=\"520\" height=\"346\" src=\"https:\/\/liacom.escs.ipl.pt\/wp-content\/uploads\/2026\/07\/image-29.jpeg\" alt=\"\" class=\"wp-image-3734\" srcset=\"https:\/\/liacom.escs.ipl.pt\/wp-content\/uploads\/2026\/07\/image-29.jpeg 520w, https:\/\/liacom.escs.ipl.pt\/wp-content\/uploads\/2026\/07\/image-29-300x200.jpeg 300w\" sizes=\"auto, (max-width: 520px) 100vw, 520px\" \/><\/figure>\n\n\n\n<figure class=\"wp-block-image size-full\"><img loading=\"lazy\" decoding=\"async\" width=\"520\" height=\"346\" src=\"https:\/\/liacom.escs.ipl.pt\/wp-content\/uploads\/2026\/07\/image-28.jpeg\" alt=\"\" class=\"wp-image-3733\" srcset=\"https:\/\/liacom.escs.ipl.pt\/wp-content\/uploads\/2026\/07\/image-28.jpeg 520w, https:\/\/liacom.escs.ipl.pt\/wp-content\/uploads\/2026\/07\/image-28-300x200.jpeg 300w\" sizes=\"auto, (max-width: 520px) 100vw, 520px\" \/><\/figure>\n\n\n\n<figure class=\"wp-block-image size-full\"><img loading=\"lazy\" decoding=\"async\" width=\"520\" height=\"346\" src=\"https:\/\/liacom.escs.ipl.pt\/wp-content\/uploads\/2026\/07\/image-30.jpeg\" alt=\"\" class=\"wp-image-3735\" srcset=\"https:\/\/liacom.escs.ipl.pt\/wp-content\/uploads\/2026\/07\/image-30.jpeg 520w, https:\/\/liacom.escs.ipl.pt\/wp-content\/uploads\/2026\/07\/image-30-300x200.jpeg 300w\" sizes=\"auto, (max-width: 520px) 100vw, 520px\" \/><\/figure>\n\n\n\n<p class=\"wp-block-paragraph\">No final do dia, os participantes sublinharam que o encontro foi um momento &#8220;facilitador de trabalho e de encontros&#8221;, valorizando o \u201ccompanheirismo\u201d, a \u201cpartilha\u201d, o \u201ccompromisso\u201d e a import\u00e2ncia de criar tempo e espa\u00e7o para conversar, conhecer e construir em conjunto.<\/p>\n\n\n\n<figure class=\"wp-block-embed is-type-video is-provider-youtube wp-block-embed-youtube wp-embed-aspect-16-9 wp-has-aspect-ratio\"><div class=\"wp-block-embed__wrapper\">\n<iframe loading=\"lazy\" title=\"II Resid\u00eancia da C\u00e1tedra UNESCO da ESCS e II Encontro Investigador@s do LIACOM\" width=\"500\" height=\"281\" src=\"https:\/\/www.youtube.com\/embed\/ztPvG03k-Xo?feature=oembed\" frameborder=\"0\" allow=\"accelerometer; autoplay; clipboard-write; encrypted-media; gyroscope; picture-in-picture; web-share\" referrerpolicy=\"strict-origin-when-cross-origin\" allowfullscreen><\/iframe>\n<\/div><\/figure>\n\n\n\n<p class=\"wp-block-paragraph\">Fotos\/v\u00eddeo: SCom<\/p>\n\n\n\n<p class=\"wp-block-paragraph\"><\/p>\n","protected":false},"excerpt":{"rendered":"<p>Sob o mote \u201cViagem coletiva em tr\u00eas atos \u2013 Identidade, Liga\u00e7\u00e3o e A\u00e7\u00e3o\u201d, cerca de 40 docentes e investigadores da ESCS juntaram-se, no passado dia 14 de julho, na Universidade Atl\u00e2ntica \u2013 F\u00e1brica da P\u00f3lvora, em Oeiras, para o II Encontro de Investigador@s do LIACOM e II Resid\u00eancia da&nbsp;C\u00e1tedra UNESCO Comunica\u00e7\u00e3o, Literacia Medi\u00e1tica e Cidadania [&hellip;]<\/p>\n","protected":false},"author":3,"featured_media":3736,"comment_status":"closed","ping_status":"closed","sticky":false,"template":"","format":"standard","meta":{"_acf_changed":false,"footnotes":""},"categories":[11],"tags":[],"class_list":["post-3702","post","type-post","status-publish","format-standard","has-post-thumbnail","hentry","category-eventos"],"acf":[],"_links":{"self":[{"href":"https:\/\/liacom.escs.ipl.pt\/en\/wp-json\/wp\/v2\/posts\/3702","targetHints":{"allow":["GET"]}}],"collection":[{"href":"https:\/\/liacom.escs.ipl.pt\/en\/wp-json\/wp\/v2\/posts"}],"about":[{"href":"https:\/\/liacom.escs.ipl.pt\/en\/wp-json\/wp\/v2\/types\/post"}],"author":[{"embeddable":true,"href":"https:\/\/liacom.escs.ipl.pt\/en\/wp-json\/wp\/v2\/users\/3"}],"replies":[{"embeddable":true,"href":"https:\/\/liacom.escs.ipl.pt\/en\/wp-json\/wp\/v2\/comments?post=3702"}],"version-history":[{"count":22,"href":"https:\/\/liacom.escs.ipl.pt\/en\/wp-json\/wp\/v2\/posts\/3702\/revisions"}],"predecessor-version":[{"id":3889,"href":"https:\/\/liacom.escs.ipl.pt\/en\/wp-json\/wp\/v2\/posts\/3702\/revisions\/3889"}],"wp:featuredmedia":[{"embeddable":true,"href":"https:\/\/liacom.escs.ipl.pt\/en\/wp-json\/wp\/v2\/media\/3736"}],"wp:attachment":[{"href":"https:\/\/liacom.escs.ipl.pt\/en\/wp-json\/wp\/v2\/media?parent=3702"}],"wp:term":[{"taxonomy":"category","embeddable":true,"href":"https:\/\/liacom.escs.ipl.pt\/en\/wp-json\/wp\/v2\/categories?post=3702"},{"taxonomy":"post_tag","embeddable":true,"href":"https:\/\/liacom.escs.ipl.pt\/en\/wp-json\/wp\/v2\/tags?post=3702"}],"curies":[{"name":"wp","href":"https:\/\/api.w.org\/{rel}","templated":true}]}}