{"id":3200,"date":"2026-02-18T11:09:37","date_gmt":"2026-02-18T11:09:37","guid":{"rendered":"https:\/\/liacom.escs.ipl.pt\/?p=3200"},"modified":"2026-03-02T11:15:43","modified_gmt":"2026-03-02T11:15:43","slug":"vera-moutinho-dinamiza-workshops-sobre-desinformacao-climatica-em-projeto-europeu-da-zero","status":"publish","type":"post","link":"https:\/\/liacom.escs.ipl.pt\/en\/publicacoes\/vera-moutinho-dinamiza-workshops-sobre-desinformacao-climatica-em-projeto-europeu-da-zero\/","title":{"rendered":"Vera Moutinho leads workshops on climate disinformation in ZERO\u2019s european project"},"content":{"rendered":"\n<p><strong>LIACOM&nbsp;<\/strong>researcher&nbsp;<a href=\"https:\/\/www.escs.ipl.pt\/en\/docentes\/vera-moutinho\" target=\"_blank\" rel=\"noreferrer noopener\">Vera Moutinho<\/a>&nbsp;has been invited to take part in the project&nbsp;<a href=\"https:\/\/zero.ong\/accoes\/infoclima-youth-in-action-against-climate-disinformation\/\" target=\"_blank\" rel=\"noreferrer noopener\">InfoClima &#8211; Youth in Action Against Climate Disinformation<\/a>, an initiative by ZERO &#8211; Associa\u00e7\u00e3o Sistema Terrestre Sustent\u00e1vel, funded by European funds under the Catalyst of Change call of the Netherlands Helsinki Committee.<\/p>\n\n\n\n<p>The project emerges in a context marked by the growing spread of disinformation, particularly regarding the climate crisis. Its main objective is to empower university students to recognize, analyze, and resist false or manipulated narratives, while simultaneously fostering critical thinking and strategic communication skills.<\/p>\n\n\n\n<p>In Lisbon, the project is developed in partnership with&nbsp;<strong>LIACOM<\/strong>,&nbsp;<a href=\"https:\/\/www.escs.ipl.pt\/en\" target=\"_blank\" rel=\"noreferrer noopener\">ESCS<\/a>, and the&nbsp;<a href=\"https:\/\/catedraunesco.escs.ipl.pt\/en\/\" target=\"_blank\" rel=\"noreferrer noopener\">UNESCO Chair in Communication, Media and Information Literacy and Citizenship<\/a>, and includes a series of in-person workshops led by Vera Moutinho.<\/p>\n\n\n\n<p>The first workshop will take place on March 4 (6:30\u20139:30 pm) and brings together:<\/p>\n\n\n\n<ul class=\"wp-block-list\">\n<li>30 students from the Master&#8217;s program in Strategic Communication in Public Relations (professors Sofia Mimoso and Nuno da Silva Jorge);<\/li>\n\n\n\n<li>7 students from the course&nbsp;<em>Climate Journalism<\/em>&nbsp;(Professor Vera Moutinho);<\/li>\n\n\n\n<li>2 to 5 students from the course\u00a0<em>Advertising Project and Portfolio<\/em>\u00a0(Professors R\u00faben Neves, Joana Souza and Nuno Palma).<\/li>\n<\/ul>\n\n\n\n<p>The second workshop, scheduled for March 11, will focus on co-creating the concept for a video series, as well as defining topics and scripts. A third session (date to be confirmed) is also planned to finalize the scripts and the overall structure of the audiovisual content.<\/p>\n\n\n\n<p>Until July, participants will develop a communication campaign and a series of videos for social media, culminating in Lisbon with the creation of an mural as part of the campaign.<\/p>\n\n\n\n<p>The project will also be implemented in the cities of Porto and Faro, expanding its impact at a national level.<\/p>\n","protected":false},"excerpt":{"rendered":"<p>LIACOM&nbsp;researcher&nbsp;Vera Moutinho&nbsp;has been invited to take part in the project&nbsp;InfoClima &#8211; Youth in Action Against Climate Disinformation, an initiative by ZERO &#8211; Associa\u00e7\u00e3o Sistema Terrestre Sustent\u00e1vel, funded by European funds under the Catalyst of Change call of the Netherlands Helsinki Committee. The project emerges in a context marked by the growing spread of disinformation, particularly [&hellip;]<\/p>\n","protected":false},"author":3,"featured_media":3202,"comment_status":"closed","ping_status":"closed","sticky":false,"template":"","format":"standard","meta":{"_acf_changed":false,"footnotes":""},"categories":[11,5,34],"tags":[],"class_list":["post-3200","post","type-post","status-publish","format-standard","has-post-thumbnail","hentry","category-eventos","category-publicacoes","category-workshops"],"acf":[],"_links":{"self":[{"href":"https:\/\/liacom.escs.ipl.pt\/en\/wp-json\/wp\/v2\/posts\/3200","targetHints":{"allow":["GET"]}}],"collection":[{"href":"https:\/\/liacom.escs.ipl.pt\/en\/wp-json\/wp\/v2\/posts"}],"about":[{"href":"https:\/\/liacom.escs.ipl.pt\/en\/wp-json\/wp\/v2\/types\/post"}],"author":[{"embeddable":true,"href":"https:\/\/liacom.escs.ipl.pt\/en\/wp-json\/wp\/v2\/users\/3"}],"replies":[{"embeddable":true,"href":"https:\/\/liacom.escs.ipl.pt\/en\/wp-json\/wp\/v2\/comments?post=3200"}],"version-history":[{"count":11,"href":"https:\/\/liacom.escs.ipl.pt\/en\/wp-json\/wp\/v2\/posts\/3200\/revisions"}],"predecessor-version":[{"id":3242,"href":"https:\/\/liacom.escs.ipl.pt\/en\/wp-json\/wp\/v2\/posts\/3200\/revisions\/3242"}],"wp:featuredmedia":[{"embeddable":true,"href":"https:\/\/liacom.escs.ipl.pt\/en\/wp-json\/wp\/v2\/media\/3202"}],"wp:attachment":[{"href":"https:\/\/liacom.escs.ipl.pt\/en\/wp-json\/wp\/v2\/media?parent=3200"}],"wp:term":[{"taxonomy":"category","embeddable":true,"href":"https:\/\/liacom.escs.ipl.pt\/en\/wp-json\/wp\/v2\/categories?post=3200"},{"taxonomy":"post_tag","embeddable":true,"href":"https:\/\/liacom.escs.ipl.pt\/en\/wp-json\/wp\/v2\/tags?post=3200"}],"curies":[{"name":"wp","href":"https:\/\/api.w.org\/{rel}","templated":true}]}}